{"id":93,"date":"2012-01-21T16:41:13","date_gmt":"2012-01-21T15:41:13","guid":{"rendered":"http:\/\/www.blog.joergius.de\/?p=93"},"modified":"2012-01-21T16:52:06","modified_gmt":"2012-01-21T15:52:06","slug":"riem","status":"publish","type":"post","link":"http:\/\/www.blog.joergius.de\/?p=93","title":{"rendered":"Riem"},"content":{"rendered":"<p>Moin,<\/p>\n<p>hier een Rimel toom Johreanfang. Unn as gehebbt, we Loff edder Kritik hav, odder Feler faatkrigt de kunn geern een Kommentor nalaten. S\u00fcllte wol twaars enich schriven, welk nicks to de Riemelsaak topasst, warrn wo`keen op dee Spamliste sett unn de Kommentor eenfach gem\u00f6t.<\/p>\n<h2>Rimel toom nee Johr<\/h2>\n<p>So pall ist dat keen Winter,<br \/>\nfor welk een wat bitter,<br \/>\nes felen de Frost, K\u00fcll un de Snee,<br \/>\nes gevt keen Slittscholopen op de See.<br \/>\nBloot Smuddelwedder un Storm gevt dat in d\u00fcsse Wek,<br \/>\ndat Wedder gnubbelt ook an de Knaken.<\/p>\n<p>Eer gl\u00f6vtt man an de vertoch Bl\u00f6htiet,<br \/>\ndenn schallern d\u00e4h nich bloot luut de Sparling.<br \/>\nGewiesen h\u00e4f sik de Winter kuum,<br \/>\nfor vele Schiter ist dat een Alpdroom.<br \/>\nFeelt j\u00fcm aver dat Sneekeerlboen un dat Sl\u00f6\u00f6pschippern,<br \/>\nmoeten Se dat Johr dem allen entseggen.<\/p>\n<p>Sei de S\u00fcnnenupgang am Moorn j\u00fcst so droomhaft,<br \/>\nes feelt dem Winter di Dorchslagskraft.<br \/>\nDe mediale Berichterstattung warrn de Wedder gliek,<br \/>\nhau bloot dat een Saak botterweek.<br \/>\nBerichten k\u00f6nten Se \u00f6ver so vel meer,<br \/>\naver dat liggt denen nicks unner.<\/p>\n<p>So fien weur j\u00fcm een Winter in witt un koolt,<br \/>\naver die Klimaver\u00e4nnerung kennt keinen Hollt.<br \/>\nDat Afn\u00e4hmen moet bi d\u00fcssem Oostermaandwedder keen Spij\u00f6\u00f6k,<br \/>\nde Motive felen un man w\u00f6len bloot kloternatt.<br \/>\nVillicht s\u00fcllen de Winter ja am Enn des Johres fien,<br \/>\nun es geef dunn denn Snee nich bloot in den H\u00f6\u00f6cht.<\/p>\n<p>&#8212;&#8212;&#8212;&#8212;&#8212;&#8212;&#8212;&#8212;&#8212;&#8212;&#8212;&#8212;&#8212;&#8212;&#8212;&#8212;&#8212;&#8212;&#8212;&#8212;&#8212;&#8212;&#8212;&#8212;&#8212;&#8212;&#8212;&#8212;&#8212;&#8212;&#8212;&#8212;&#8212;&#8212;&#8212;&#8212;&#8212;&#8212;&#8212;&#8212;&#8212;&#8212;&#8212;&#8211;<br \/>\nWem dat gefallen hav unn spennen m\u00f6k, de schriv bitt eene E-Mail an mien. Ik sennen J\u00fcm dann mien Kontodaten to spennen to. Aver bitt bloot seri\u00f6se E-Mail Adressen verwa`nden, all annereen warrn gem\u00f6t. Odder Se ben\u00fctten de &#8220;Spenden-&#8220;button (Donate). Daf\u00f6r bruken Se bloot een <a title=\"Externer Link, neies Finster\/Tabb; Wiespaal to PayPal Anmeldung\" href=\"http:\/\/www.paypal.de\/de\" target=\"_blank\">PayPalkonto.<\/a><br \/>\nOr Se schenken mi jeweils een B\u00fcndsel vun de M\u00e4rklin C-Traad 24172 un 24188 (Nee).<br \/>\nDe Adresse toom to sennen finnen Se im Impressum.<br \/>\nWen dat nich andoon hav, de laten dat sien.<br \/>\n&#8212;&#8212;&#8212;&#8212;&#8212;&#8212;&#8212;&#8212;&#8212;&#8212;&#8212;&#8212;&#8212;&#8212;&#8212;&#8212;&#8212;&#8212;&#8212;&#8212;&#8212;&#8212;&#8212;&#8212;&#8212;&#8212;&#8212;&#8212;&#8212;&#8212;&#8212;&#8212;&#8212;&#8212;&#8212;&#8212;&#8212;&#8212;&#8212;&#8212;&#8212;&#8212;&#8212;&#8211;<\/p>\n","protected":false},"excerpt":{"rendered":"<p>Moin, hier een Rimel toom Johreanfang. Unn as gehebbt, we Loff edder Kritik hav, odder Feler faatkrigt de kunn geern een Kommentor nalaten. S\u00fcllte wol twaars enich schriven, welk nicks to de Riemelsaak topasst, warrn wo`keen op dee Spamliste sett unn de Kommentor eenfach gem\u00f6t. Rimel toom nee Johr So pall ist dat keen Winter, [&hellip;]<\/p>\n","protected":false},"author":4,"featured_media":0,"comment_status":"open","ping_status":"open","sticky":false,"template":"","format":"standard","meta":{"footnotes":""},"categories":[98],"tags":[134,135,114,132,138,115,136,126,116,117,118,140,127,128,125,119,120,121,122,130,137,131,129,133,123,139,124],"class_list":["post-93","post","type-post","status-publish","format-standard","hentry","category-gerimels","tag-alpdroom","tag-alptraum","tag-aprilwetter","tag-blohtiet","tag-droomhaft","tag-frost","tag-fruhling","tag-harfst","tag-herbst","tag-kalte","tag-klimaveranderung","tag-klimaverannerung","tag-koolt","tag-kull","tag-oostermaandwedder","tag-regen","tag-schlitten-fahren","tag-schnee","tag-schneemann-bauen","tag-slittscholopen","tag-sloopschippern","tag-smuddelwedder","tag-snee","tag-sparling","tag-sturm","tag-sunnenupgang","tag-winter"],"_links":{"self":[{"href":"http:\/\/www.blog.joergius.de\/index.php?rest_route=\/wp\/v2\/posts\/93","targetHints":{"allow":["GET"]}}],"collection":[{"href":"http:\/\/www.blog.joergius.de\/index.php?rest_route=\/wp\/v2\/posts"}],"about":[{"href":"http:\/\/www.blog.joergius.de\/index.php?rest_route=\/wp\/v2\/types\/post"}],"author":[{"embeddable":true,"href":"http:\/\/www.blog.joergius.de\/index.php?rest_route=\/wp\/v2\/users\/4"}],"replies":[{"embeddable":true,"href":"http:\/\/www.blog.joergius.de\/index.php?rest_route=%2Fwp%2Fv2%2Fcomments&post=93"}],"version-history":[{"count":2,"href":"http:\/\/www.blog.joergius.de\/index.php?rest_route=\/wp\/v2\/posts\/93\/revisions"}],"predecessor-version":[{"id":95,"href":"http:\/\/www.blog.joergius.de\/index.php?rest_route=\/wp\/v2\/posts\/93\/revisions\/95"}],"wp:attachment":[{"href":"http:\/\/www.blog.joergius.de\/index.php?rest_route=%2Fwp%2Fv2%2Fmedia&parent=93"}],"wp:term":[{"taxonomy":"category","embeddable":true,"href":"http:\/\/www.blog.joergius.de\/index.php?rest_route=%2Fwp%2Fv2%2Fcategories&post=93"},{"taxonomy":"post_tag","embeddable":true,"href":"http:\/\/www.blog.joergius.de\/index.php?rest_route=%2Fwp%2Fv2%2Ftags&post=93"}],"curies":[{"name":"wp","href":"https:\/\/api.w.org\/{rel}","templated":true}]}}